{"id":49869,"date":"2022-12-21T11:59:46","date_gmt":"2022-12-21T09:59:46","guid":{"rendered":"https:\/\/fundatia-adina.ro\/our-young-volunteers-and-an-extraordinary-experience-2\/"},"modified":"2023-11-22T09:55:42","modified_gmt":"2023-11-22T07:55:42","slug":"our-young-volunteers-and-an-extraordinary-experience-2","status":"publish","type":"post","link":"https:\/\/fundatia-adina.ro\/en\/our-young-volunteers-and-an-extraordinary-experience-2\/","title":{"rendered":"Our young volunteers and an extraordinary experience"},"content":{"rendered":"\t\t<div data-elementor-type=\"wp-post\" data-elementor-id=\"49869\" class=\"elementor elementor-49869 elementor-47920\" data-elementor-post-type=\"post\">\n\t\t\t\t\t\t<section class=\"elementor-section elementor-top-section elementor-element elementor-element-8a47be0 elementor-section-full_width elementor-section-height-default elementor-section-height-default\" data-id=\"8a47be0\" data-element_type=\"section\" data-e-type=\"section\">\n\t\t\t\t\t\t<div class=\"elementor-container elementor-column-gap-default\">\n\t\t\t\t\t<div class=\"elementor-column elementor-col-100 elementor-top-column elementor-element elementor-element-9b97d8e\" data-id=\"9b97d8e\" data-element_type=\"column\" data-e-type=\"column\">\n\t\t\t<div class=\"elementor-widget-wrap elementor-element-populated\">\n\t\t\t\t\t\t<div class=\"elementor-element elementor-element-abf6597 elementor-widget elementor-widget-image\" data-id=\"abf6597\" data-element_type=\"widget\" data-e-type=\"widget\" data-widget_type=\"image.default\">\n\t\t\t\t<div class=\"elementor-widget-container\">\n\t\t\t\t\t\t\t\t\t<div class=\"elementor-image\">\n\t\t\t\t\t\t\t\t\t\t\t\t\t\t\t\t\t\t\t\t\t<img fetchpriority=\"high\" decoding=\"async\" width=\"1024\" height=\"768\" src=\"https:\/\/fundatia-adina.ro\/wp-content\/uploads\/2022\/12\/Imagine_grup_Camkiri-1024x768.jpg\" class=\"attachment-large size-large wp-image-49500\" alt=\"\" srcset=\"https:\/\/fundatia-adina.ro\/wp-content\/uploads\/2022\/12\/Imagine_grup_Camkiri-1024x768.jpg 1024w, https:\/\/fundatia-adina.ro\/wp-content\/uploads\/2022\/12\/Imagine_grup_Camkiri-630x473.jpg 630w, https:\/\/fundatia-adina.ro\/wp-content\/uploads\/2022\/12\/Imagine_grup_Camkiri-300x225.jpg 300w, https:\/\/fundatia-adina.ro\/wp-content\/uploads\/2022\/12\/Imagine_grup_Camkiri.jpg 2016w\" sizes=\"(max-width: 1024px) 100vw, 1024px\" \/>\t\t\t\t\t\t\t\t\t\t\t\t\t\t\t\t\t\t\t\t\t\t\t\t<\/div>\n\t\t\t\t\t\t\t\t<\/div>\n\t\t\t\t<\/div>\n\t\t\t\t<div class=\"elementor-element elementor-element-624178a elementor-widget elementor-widget-text-editor\" data-id=\"624178a\" data-element_type=\"widget\" data-e-type=\"widget\" data-widget_type=\"text-editor.default\">\n\t\t\t\t<div class=\"elementor-widget-container\">\n\t\t\t\t\t\t\t\t\t<p>During the period between 16th\u201331st of August 2021, we participated as partners in the projects &#8220;Youth\u2019s Perspective on Employment&#8221; and &#8221; On the way to school&#8221;, projects financed through the Erasmus+ Program, Key Action: Mobility projects for young people, the theme being employability among young people, respectively education.<br \/>We thank &#8220;Ankara E\u011fitim G\u00f6n\u00fcll\u00fcleri Derne\u011fi \u2013 Ankara Education Volunteers&#8221;, Turkey for facilitating these partnerships.<\/p><p>The young people selected as participants in these projects were the most involved volunteers in the actions of developing questionnaires, applying and interpreting them within the Advocacy Activity for vulnerable groups of young people and women, an activity of the project &#8220;From Pupil To Employee: Advocacy and Training for Youth and Women at Risk in Dolj county&#8221;, run by the Adina Stiftelsen Foundation, with the financial support of Active Citizens Fund Romania, a program financed by Iceland, Liechtenstein and Norway through EEA Grants 2014-2021.<\/p><p>Minodora, Georgiana, Mihaela, Adriana, Marian and Adrian were eager for new experiences, despite the restrictions and health insecurity caused by the COVID-19 pandemic, and during the preparatory meetings they expressed their expectations, but also their fears they felt and prepared the information they wanted to share with the other participants from Turkey, Lithuania, Latvia, North Macedonia, Poland, Greece and Bulgaria.<\/p><p>On August 15th, our brave youngsters set off on their summer adventure. The drive to \u00c7ank\u0131r\u0131, the city where the first project took place, was long and tiring, but the energy and excitement of meeting new people and experiencing a different culture helped them get through the many hours spent on the bus.<br \/><br \/><br \/><img decoding=\"async\" src=\"https:\/\/fundatia-adina.ro\/wp-content\/uploads\/2022\/12\/WhatsApp_Image_2021-09-05_at_14.04.43.jpeg\" alt=\"WhatsApp_Image_2021-09-05_at_14.04.43.jpeg\" width=\"1071\" height=\"803\" \/><br \/><br \/><br \/>The cultural shock was quite big, but our young people managed to adapt quickly, being helped and guided by the project coordinators.<\/p><p>The non-formal activities carried out every day were mainly aimed at communication and active participation, thus creating the perfect framework for intercultural learning experiences and personal development.<\/p><p>The role-playing games that had youth employability as their topic brought to the fore the problems that young people face when they want to get a job. The common problems identified: the lack of internships, the low number of jobs, the inconsistency of the subjects learned during the years of study with the real needs in the field of work.<br \/><br \/><br \/><img decoding=\"async\" src=\"https:\/\/fundatia-adina.ro\/wp-content\/uploads\/2022\/12\/Centru_cultural.jpg\" alt=\"Centru_cultural.jpg\" width=\"1071\" height=\"803\" \/><br \/><br \/><br \/>The Romanian participants, being directly involved in mapping and carrying out research on the issue of social exclusion and unemployment among vulnerable groups of young people and women from the communities where the foundation operates, made a detailed presentation which they presented to all participants.<br \/><br \/><\/p><p><img loading=\"lazy\" decoding=\"async\" src=\"https:\/\/fundatia-adina.ro\/wp-content\/uploads\/2022\/12\/IMG-20210818-WA0012.jpg\" alt=\"IMG-20210818-WA0012.jpg\" width=\"1072\" height=\"508\" \/><img loading=\"lazy\" decoding=\"async\" src=\"https:\/\/fundatia-adina.ro\/wp-content\/uploads\/2022\/12\/imagine_Mihaela.jpg\" alt=\"imagine_Mihaela.jpg\" width=\"571\" height=\"727\" \/><\/p><p><img loading=\"lazy\" decoding=\"async\" src=\"https:\/\/fundatia-adina.ro\/wp-content\/uploads\/2022\/12\/IMG-20210818-WA0032.jpg\" alt=\"IMG-20210818-WA0032.jpg\" width=\"1077\" height=\"807\" \/><br \/><br \/><br \/>The second project, held between August 23rd and 30th, had as its main theme education, focusing on early school leaving and the freedom to study, both domestically and internationally.<\/p><p>Our team presented the projects carried out by the foundation, underlining the importance of a holistic approach and integrated educational support in order to support children and young people throughout their educational journey, from pre-school age until the completion of studies and then integration into the labor market.<\/p><p>At the end of the workshops, the participants identified as the main methods by which school dropout can be prevented: promoting the benefits of education\/why it is important to be educated, supporting young people through teachers and volunteers, involving the state through various programs\/workshops\/training centers youth, through which young people can be motivated to continue their studies. We were pleasantly surprised to note that our foundation has already identified all these solutions and is working on them.<br \/><br \/><br \/><img loading=\"lazy\" decoding=\"async\" src=\"https:\/\/fundatia-adina.ro\/wp-content\/uploads\/2022\/12\/IMG-20210825-WA0015.jpg\" alt=\"IMG-20210825-WA0015.jpg\" width=\"1076\" height=\"509\" \/><br \/><br \/><br \/>The intercultural evenings were an opportunity to introduce the participants and coordinators to the wonderful Romanian culture.<br \/><br \/><br \/><img loading=\"lazy\" decoding=\"async\" src=\"https:\/\/fundatia-adina.ro\/wp-content\/uploads\/2022\/12\/IMG-20210821-WA0008.jpg\" alt=\"IMG-20210821-WA0008.jpg\" width=\"1071\" height=\"803\" \/><br \/><br \/><br \/>Another important component in the two projects was the visit of cultural and tourist attractions in the vicinity. Fortunately, Cappadocia was also on the list of these objectives, a region that can be likened to an open-air museum, where you learn about history, religion, spectacular rocks, volcanoes, caves and underground cities.<br \/><br \/><br \/><img loading=\"lazy\" decoding=\"async\" src=\"https:\/\/fundatia-adina.ro\/wp-content\/uploads\/2022\/12\/IMG-20210827-WA0065.jpg\" alt=\"IMG-20210827-WA0065.jpg\" width=\"1070\" height=\"786\" \/><br \/><br \/><br \/><em><strong>How do our participants describe this experience?<\/strong><\/em><br \/><br \/><strong>Mihaela<\/strong>: My experience in Turkey was unique. It was the first time for me to leave the country and also the first time to participate in an Erasmus+ project. I am so glad that I was able to meet so many new and interesting people and learn more about their cultures. I am very grateful to the Adina Stiftelsen Foundation and the coordinators of the Erasmus+ projects in \u00c7ank\u0131r\u0131 and Kahramanmara\u0219: Yasir, Enes, Furkan, Ali and Yalcin.<br \/><br \/><br \/><strong>Georgiana<\/strong>: The experience in Turkey in a few words&#8230; it&#8217;s hard to express in &#8220;a few words&#8221; two weeks that passed extremely quickly.<br \/>I was lucky enough to participate in two special Erasmus+ projects, which gave me the opportunity to meet new and beautiful people from seven other countries (Turkey, Lithuania, Latvia, North Macedonia, Poland, Greece and Bulgaria), who in turn came equipped and prepared to color the projects in their own cultures, so I can say that I came back with a diversely colored experience and many beautiful memories, including the wonderful cultural evenings, with dancing and good food, the multinational expressions, the discussions about the parts beautiful and the least beautiful of our countries. All in all, it was a time that is not easily forgotten and one that I wish I could relive anytime.<br \/><br \/><br \/><strong>Minodora<\/strong>: How were the two weeks in Turkey with the Erasmus+ projects? WONDERFUL!<br \/>I met many special participants from 7 completely different countries, with whom I had a lot to talk about.<br \/>I am very glad that I saw my Turkish friends that I missed and I hope that we will meet again soon.<br \/>By participating in Erasmus+ projects, I had the opportunity to discover other cultures, to visit various wonderful places in Turkey, where I met people full of warmth and love.<br \/>It was an unforgettable experience that I would repeat anytime.<br \/><br \/><br \/><strong>Adriana<\/strong>: Turkey is a unique experience, because you get to communicate with different people, each using their own language and still managing to understand each other in one way or another. It is a hospitable culture, where wherever you go you are likely to receive a cup of hot tea or sweets, all accompanied by many smiles.<br \/>The opportunity to participate in two Erasmus+ projects in Turkey was a real joy. In these projects, we had the chance to meet different people from several countries \u2013 North Macedonia, Greece, Lithuania, Latvia, Poland, Bulgaria and Turkey \u2013 and make a lot of new friends.<br \/>Through each activity carried out within the project we were able to get to know the other participants better or even discover new things about ourselves.<br \/>In the end, it was an unforgettable experience with lots of adventure, fun and new experiences.<br \/><br \/><br \/><strong>Marian<\/strong>: For me, the two Erasmus+ projects were an unforgettable experience.<br \/>The interaction with the other participants from other countries opened my eyes to the different cultures around us and I hope that in the future I can take part in such projects again.<br \/><br \/><br \/><strong>Adrian<\/strong>: For me, the Erasmus+ experience meant breaking away from the ordinary. During these two weeks, I was put in completely new situations for me, which I had to learn how to manage &#8220;on the fly&#8221;. Just as I told Yasir, one of the facilitators of the two projects, this experience opened my eyes and showed me how different, but at the same time how similar we are, regardless of our roots. This is definitely just the beginning for me when it comes to Erasmus+ projects. I can&#8217;t wait to experience the next one.<\/p>\t\t\t\t\t\t\t\t<\/div>\n\t\t\t\t<\/div>\n\t\t\t\t\t<\/div>\n\t\t<\/div>\n\t\t\t\t\t<\/div>\n\t\t<\/section>\n\t\t\t\t<section class=\"elementor-section elementor-top-section elementor-element elementor-element-8d3c7b8 elementor-section-boxed elementor-section-height-default elementor-section-height-default\" data-id=\"8d3c7b8\" data-element_type=\"section\" data-e-type=\"section\">\n\t\t\t\t\t\t<div class=\"elementor-container elementor-column-gap-default\">\n\t\t\t\t\t<div class=\"elementor-column elementor-col-100 elementor-top-column elementor-element elementor-element-cfd2f66\" data-id=\"cfd2f66\" data-element_type=\"column\" data-e-type=\"column\">\n\t\t\t<div class=\"elementor-widget-wrap elementor-element-populated\">\n\t\t\t\t\t\t<div class=\"elementor-element elementor-element-f2eaaeb elementor-widget__width-auto elementor-widget elementor-widget-counter\" data-id=\"f2eaaeb\" data-element_type=\"widget\" data-e-type=\"widget\" data-widget_type=\"counter.default\">\n\t\t\t\t<div class=\"elementor-widget-container\">\n\t\t\t\t\t\t\t<div class=\"elementor-counter\">\n\t\t\t<div class=\"elementor-counter-title\">Beneficiaries<\/div>\t\t\t<div class=\"elementor-counter-number-wrapper\">\n\t\t\t\t<span class=\"elementor-counter-number-prefix\"><\/span>\n\t\t\t\t<span class=\"elementor-counter-number\" data-duration=\"2000\" data-to-value=\"1754\" data-from-value=\"0\" data-delimiter=\".\">0<\/span>\n\t\t\t\t<span class=\"elementor-counter-number-suffix\"><\/span>\n\t\t\t<\/div>\n\t\t<\/div>\n\t\t\t\t\t\t<\/div>\n\t\t\t\t<\/div>\n\t\t\t\t<div class=\"elementor-element elementor-element-77faa41 elementor-widget elementor-widget-text-editor\" data-id=\"77faa41\" data-element_type=\"widget\" data-e-type=\"widget\" data-widget_type=\"text-editor.default\">\n\t\t\t\t<div class=\"elementor-widget-container\">\n\t\t\t\t\t\t\t\t\t<p>The Adina Stiftelsen Foundation is a non-governmental, apolitical organization active in the field of social welfare, established as an independent legal entity in 2004. The Adina Stiftelsen Foundation is accredited as a provider of social services and is active in the provision of educational services to prevent school dropouts in rural areas of Dolj county.<\/p>\t\t\t\t\t\t\t\t<\/div>\n\t\t\t\t<\/div>\n\t\t\t\t\t<\/div>\n\t\t<\/div>\n\t\t\t\t\t<\/div>\n\t\t<\/section>\n\t\t\t\t<section class=\"elementor-section elementor-top-section elementor-element elementor-element-fdb2ec8 elementor-section-boxed elementor-section-height-default elementor-section-height-default\" data-id=\"fdb2ec8\" data-element_type=\"section\" data-e-type=\"section\" data-settings=\"{&quot;background_background&quot;:&quot;classic&quot;}\">\n\t\t\t\t\t\t<div class=\"elementor-container elementor-column-gap-no\">\n\t\t\t\t\t<div class=\"elementor-column elementor-col-100 elementor-top-column elementor-element elementor-element-f293b38\" data-id=\"f293b38\" data-element_type=\"column\" data-e-type=\"column\" data-settings=\"{&quot;background_background&quot;:&quot;classic&quot;}\">\n\t\t\t<div class=\"elementor-widget-wrap elementor-element-populated\">\n\t\t\t\t\t\t<div class=\"elementor-element elementor-element-e51d55d elementor-cta--skin-cover elementor-cta--valign-top elementor-widget elementor-widget-call-to-action\" data-id=\"e51d55d\" data-element_type=\"widget\" data-e-type=\"widget\" data-widget_type=\"call-to-action.default\">\n\t\t\t\t<div class=\"elementor-widget-container\">\n\t\t\t\t\t\t\t<div class=\"elementor-cta\">\n\t\t\t\t\t<div class=\"elementor-cta__bg-wrapper\">\n\t\t\t\t<div class=\"elementor-cta__bg elementor-bg\" style=\"background-image: url();\" role=\"img\" aria-label=\"\"><\/div>\n\t\t\t\t<div class=\"elementor-cta__bg-overlay\"><\/div>\n\t\t\t<\/div>\n\t\t\t\t\t\t\t<div class=\"elementor-cta__content\">\n\t\t\t\t\n\t\t\t\t\t\t\t\t\t<h2 class=\"elementor-cta__title elementor-cta__content-item elementor-content-item\">\n\t\t\t\t\t\tVision\t\t\t\t\t<\/h2>\n\t\t\t\t\n\t\t\t\t\t\t\t\t\t<div class=\"elementor-cta__description elementor-cta__content-item elementor-content-item\">\n\t\t\t\t\t\t<div align=\"justify\">All children and young people in vulnerable situations to become active and independent members of society. <\/div>\n\t\t\t\t\t<\/div>\n\t\t\t\t\n\t\t\t\t\t\t\t<\/div>\n\t\t\t\t\t\t<\/div>\n\t\t\t\t\t\t<\/div>\n\t\t\t\t<\/div>\n\t\t\t\t\t<\/div>\n\t\t<\/div>\n\t\t\t\t\t<\/div>\n\t\t<\/section>\n\t\t\t\t<section class=\"elementor-section elementor-top-section elementor-element elementor-element-5cb7f84 elementor-section-boxed elementor-section-height-default elementor-section-height-default\" data-id=\"5cb7f84\" data-element_type=\"section\" data-e-type=\"section\" data-settings=\"{&quot;background_background&quot;:&quot;classic&quot;}\">\n\t\t\t\t\t\t<div class=\"elementor-container elementor-column-gap-no\">\n\t\t\t\t\t<div class=\"elementor-column elementor-col-50 elementor-top-column elementor-element elementor-element-234e46c\" data-id=\"234e46c\" data-element_type=\"column\" data-e-type=\"column\" data-settings=\"{&quot;background_background&quot;:&quot;classic&quot;}\">\n\t\t\t<div class=\"elementor-widget-wrap elementor-element-populated\">\n\t\t\t\t\t\t<div class=\"elementor-element elementor-element-cd6a336 elementor-cta--skin-cover elementor-cta--valign-top elementor-widget elementor-widget-call-to-action\" data-id=\"cd6a336\" data-element_type=\"widget\" data-e-type=\"widget\" data-settings=\"{&quot;_animation&quot;:&quot;none&quot;}\" data-widget_type=\"call-to-action.default\">\n\t\t\t\t<div class=\"elementor-widget-container\">\n\t\t\t\t\t\t\t<div class=\"elementor-cta\">\n\t\t\t\t\t<div class=\"elementor-cta__bg-wrapper\">\n\t\t\t\t<div class=\"elementor-cta__bg elementor-bg\" style=\"background-image: url();\" role=\"img\" aria-label=\"\"><\/div>\n\t\t\t\t<div class=\"elementor-cta__bg-overlay\"><\/div>\n\t\t\t<\/div>\n\t\t\t\t\t\t\t<div class=\"elementor-cta__content\">\n\t\t\t\t\n\t\t\t\t\t\t\t\t\t<h2 class=\"elementor-cta__title elementor-cta__content-item elementor-content-item\">\n\t\t\t\t\t\tMission\t\t\t\t\t<\/h2>\n\t\t\t\t\n\t\t\t\t\t\t\t\t\t<div class=\"elementor-cta__description elementor-cta__content-item elementor-content-item\">\n\t\t\t\t\t\t<div align=\"justify\">We train people through holistic approach constantly providing them with educational support - non-formal integrated educational programs, based on skills and talents - from kindergarten to the labor market, through the development of skills and competences. <\/div>\n\t\t\t\t\t<\/div>\n\t\t\t\t\n\t\t\t\t\t\t\t<\/div>\n\t\t\t\t\t\t<\/div>\n\t\t\t\t\t\t<\/div>\n\t\t\t\t<\/div>\n\t\t\t\t\t<\/div>\n\t\t<\/div>\n\t\t\t\t<div class=\"elementor-column elementor-col-50 elementor-top-column elementor-element elementor-element-1b064fe\" data-id=\"1b064fe\" data-element_type=\"column\" data-e-type=\"column\" data-settings=\"{&quot;background_background&quot;:&quot;classic&quot;}\">\n\t\t\t<div class=\"elementor-widget-wrap elementor-element-populated\">\n\t\t\t\t\t\t<div class=\"elementor-element elementor-element-be798ed elementor-cta--skin-cover elementor-cta--valign-top alb elementor-widget elementor-widget-call-to-action\" data-id=\"be798ed\" data-element_type=\"widget\" data-e-type=\"widget\" data-settings=\"{&quot;_animation&quot;:&quot;none&quot;}\" data-widget_type=\"call-to-action.default\">\n\t\t\t\t<div class=\"elementor-widget-container\">\n\t\t\t\t\t\t\t<div class=\"elementor-cta\">\n\t\t\t\t\t<div class=\"elementor-cta__bg-wrapper\">\n\t\t\t\t<div class=\"elementor-cta__bg elementor-bg\" style=\"background-image: url();\" role=\"img\" aria-label=\"\"><\/div>\n\t\t\t\t<div class=\"elementor-cta__bg-overlay\"><\/div>\n\t\t\t<\/div>\n\t\t\t\t\t\t\t<div class=\"elementor-cta__content\">\n\t\t\t\t\n\t\t\t\t\t\t\t\t\t<h2 class=\"elementor-cta__title elementor-cta__content-item elementor-content-item\">\n\t\t\t\t\t\tValues\t\t\t\t\t<\/h2>\n\t\t\t\t\n\t\t\t\t\t\t\t\t\t<div class=\"elementor-cta__description elementor-cta__content-item elementor-content-item\">\n\t\t\t\t\t\t<div align=\"justify\"><b>Responsibility:<\/b> make a priority of the individual needs of vulnerable children, young people and women<br \/>\n<b>Non-discrimination: <\/b>we are all one<br \/>\n<b>Professionalism<\/b>: we have expertise and experience and we benefit from the know-how of the best professionals in education<br \/>\n<b>Respect <\/b>for diversity and human dignity <\/p>\n<div>\n\t\t\t\t\t<\/div>\n\t\t\t\t\n\t\t\t\t\t\t\t<\/div>\n\t\t\t\t\t\t<\/div>\n\t\t\t\t\t\t<\/div>\n\t\t\t\t<\/div>\n\t\t\t\t\t<\/div>\n\t\t<\/div>\n\t\t\t\t\t<\/div>\n\t\t<\/section>\n\t\t\t\t<section class=\"elementor-section elementor-top-section elementor-element elementor-element-b9ebf50 elementor-section-full_width elementor-section-height-default elementor-section-height-default\" data-id=\"b9ebf50\" data-element_type=\"section\" data-e-type=\"section\" data-settings=\"{&quot;background_background&quot;:&quot;classic&quot;}\">\n\t\t\t\t\t\t<div class=\"elementor-container elementor-column-gap-default\">\n\t\t\t\t\t<div class=\"elementor-column elementor-col-100 elementor-top-column elementor-element elementor-element-1a5f0c8\" data-id=\"1a5f0c8\" data-element_type=\"column\" data-e-type=\"column\">\n\t\t\t<div class=\"elementor-widget-wrap elementor-element-populated\">\n\t\t\t\t\t\t<div class=\"elementor-element elementor-element-4bd06fd elementor-invisible elementor-widget elementor-widget-heading\" data-id=\"4bd06fd\" data-element_type=\"widget\" data-e-type=\"widget\" data-settings=\"{&quot;_animation&quot;:&quot;fadeInDown&quot;,&quot;_animation_tablet&quot;:&quot;none&quot;,&quot;_animation_mobile&quot;:&quot;none&quot;,&quot;_animation_delay&quot;:100}\" data-widget_type=\"heading.default\">\n\t\t\t\t<div class=\"elementor-widget-container\">\n\t\t\t\t\t<h4 class=\"elementor-heading-title elementor-size-default\">TESTIMONIES<\/h4>\t\t\t\t<\/div>\n\t\t\t\t<\/div>\n\t\t\t\t<div class=\"elementor-element elementor-element-f755b14 elementor-invisible elementor-widget elementor-widget-heading\" data-id=\"f755b14\" data-element_type=\"widget\" data-e-type=\"widget\" data-settings=\"{&quot;_animation&quot;:&quot;pulse&quot;,&quot;_animation_tablet&quot;:&quot;none&quot;,&quot;_animation_mobile&quot;:&quot;none&quot;}\" data-widget_type=\"heading.default\">\n\t\t\t\t<div class=\"elementor-widget-container\">\n\t\t\t\t\t<h2 class=\"elementor-heading-title elementor-size-default\">Children's testimonies<\/h2>\t\t\t\t<\/div>\n\t\t\t\t<\/div>\n\t\t\t\t<div class=\"elementor-element elementor-element-3162b31 elementor-testimonial--align-left elementor-testimonial--skin-default elementor-testimonial--layout-image_inline elementor-widget elementor-widget-testimonial-carousel\" data-id=\"3162b31\" data-element_type=\"widget\" data-e-type=\"widget\" data-settings=\"{&quot;slides_per_view&quot;:&quot;2&quot;,&quot;space_between&quot;:{&quot;unit&quot;:&quot;px&quot;,&quot;size&quot;:22,&quot;sizes&quot;:[]},&quot;slides_per_view_tablet&quot;:&quot;2&quot;,&quot;slides_per_view_mobile&quot;:&quot;1&quot;,&quot;space_between_tablet&quot;:{&quot;unit&quot;:&quot;px&quot;,&quot;size&quot;:90,&quot;sizes&quot;:[]},&quot;space_between_mobile&quot;:{&quot;unit&quot;:&quot;px&quot;,&quot;size&quot;:0,&quot;sizes&quot;:[]},&quot;speed&quot;:500,&quot;loop&quot;:&quot;yes&quot;}\" data-widget_type=\"testimonial-carousel.default\">\n\t\t\t\t<div class=\"elementor-widget-container\">\n\t\t\t\t\t\t\t\t\t<div class=\"elementor-swiper\">\n\t\t\t\t\t<div class=\"elementor-main-swiper swiper\" role=\"region\" aria-roledescription=\"carousel\" aria-label=\"Slides\">\n\t\t\t\t<div class=\"swiper-wrapper\">\n\t\t\t\t\t\t\t\t\t\t\t<div class=\"swiper-slide\" role=\"group\" aria-roledescription=\"slide\">\n\t\t\t\t\t\t\t\t\t<div class=\"elementor-testimonial\">\n\t\t\t\t\t\t\t<div class=\"elementor-testimonial__content\">\n\t\t\t\t\t<div class=\"elementor-testimonial__text\">\n\t\t\t\t\t\t<p>\t\t<div data-elementor-type=\"page\" data-elementor-id=\"49852\" class=\"elementor elementor-49852\" data-elementor-post-type=\"elementor_library\">\n\t\t\t\t\t\t<section class=\"elementor-section elementor-top-section elementor-element elementor-element-8d72678 elementor-section-boxed elementor-section-height-default elementor-section-height-default\" data-id=\"8d72678\" data-element_type=\"section\" data-e-type=\"section\">\n\t\t\t\t\t\t<div class=\"elementor-container elementor-column-gap-no\">\n\t\t\t\t\t<div class=\"elementor-column elementor-col-50 elementor-top-column elementor-element elementor-element-c683b19\" data-id=\"c683b19\" data-element_type=\"column\" data-e-type=\"column\">\n\t\t\t<div class=\"elementor-widget-wrap elementor-element-populated\">\n\t\t\t\t\t\t<div class=\"elementor-element elementor-element-b5d5abf elementor-widget__width-auto elementor-widget elementor-widget-image\" data-id=\"b5d5abf\" data-element_type=\"widget\" data-e-type=\"widget\" data-widget_type=\"image.default\">\n\t\t\t\t<div class=\"elementor-widget-container\">\n\t\t\t\t\t\t\t\t\t<div class=\"elementor-image\">\n\t\t\t\t\t\t\t\t\t\t\t\t\t\t\t\t\t\t\t\t\t<img loading=\"lazy\" decoding=\"async\" width=\"491\" height=\"537\" src=\"https:\/\/fundatia-adina.ro\/wp-content\/uploads\/2022\/11\/Valentin-Braitor-UD-2.png\" class=\"attachment-full size-full wp-image-50753\" alt=\"Valentin Braitor-UD\" srcset=\"https:\/\/fundatia-adina.ro\/wp-content\/uploads\/2022\/11\/Valentin-Braitor-UD-2.png 491w, https:\/\/fundatia-adina.ro\/wp-content\/uploads\/2022\/11\/Valentin-Braitor-UD-2-274x300.png 274w\" sizes=\"(max-width: 491px) 100vw, 491px\" \/>\t\t\t\t\t\t\t\t\t\t\t\t\t\t\t\t\t\t\t\t\t\t\t\t<\/div>\n\t\t\t\t\t\t\t\t<\/div>\n\t\t\t\t<\/div>\n\t\t\t\t\t<\/div>\n\t\t<\/div>\n\t\t\t\t<div class=\"elementor-column elementor-col-50 elementor-top-column elementor-element elementor-element-f344cf0\" data-id=\"f344cf0\" data-element_type=\"column\" data-e-type=\"column\">\n\t\t\t<div class=\"elementor-widget-wrap elementor-element-populated\">\n\t\t\t\t\t\t<div class=\"elementor-element elementor-element-15b948a elementor-headline--style-highlight elementor-widget elementor-widget-vamtam-animated-headline\" data-id=\"15b948a\" data-element_type=\"widget\" data-e-type=\"widget\" data-settings=\"{&quot;highlighted_text&quot;:&quot;Braitor Ilie Valentin&quot;,&quot;marker&quot;:&quot;underline&quot;,&quot;headline_style&quot;:&quot;highlight&quot;,&quot;loop&quot;:&quot;yes&quot;,&quot;highlight_animation_duration&quot;:1200,&quot;highlight_iteration_delay&quot;:8000}\" data-widget_type=\"vamtam-animated-headline.default\">\n\t\t\t\t<div class=\"elementor-widget-container\">\n\t\t\t\t\t\t\t\t\t<h3 class=\"elementor-headline\">\n\t\t\t\t\t\t\t\t\t\t\t\t\t\t\t\t\t\t<span class=\"elementor-headline-plain-text elementor-headline-text-wrapper\">Being a beneficiary of Adina Stiftelsen Foundation is a great experience because I had the chance to meet beautiful people with plenty of live experience. I am more sociable and open to new opportunities because of the Educational Program. I use the monthly scholarship to pay for transportation to school.<br><\/span>\n\t\t\t\t\t\t\t\t\t\t\t\t<span class=\"elementor-headline-dynamic-wrapper elementor-headline-text-wrapper\">\n\t\t\t\t\t\t\t\t\t\t\t\t\t<span class=\"elementor-headline-dynamic-text elementor-headline-text-active\">Braitor Ilie Valentin<\/span>\n\t\t\t\t\t\t\t\t\t\t\t\t<\/span>\n\t\t\t\t\t\t\t\t\t\t\t\t\t<span class=\"elementor-headline-plain-text elementor-headline-text-wrapper\">- beneficiary of the Educational Program<\/span>\n\t\t\t\t\t\t\t\t\t\t\t\t\t\t\t\t<\/h3>\n\t\t\t\t\t\t\t\t<\/div>\n\t\t\t\t<\/div>\n\t\t\t\t\t<\/div>\n\t\t<\/div>\n\t\t\t\t\t<\/div>\n\t\t<\/section>\n\t\t\t\t<\/div>\n\t\t<\/p>\n\t\t\t\t\t<\/div>\n\t\t\t\t\t\t\t\t\t<\/div>\n\t\t\t\t\t\t<div class=\"elementor-testimonial__footer\">\n\t\t\t\t\t\t\t\t\t\t\t<\/div>\n\t\t<\/div>\n\t\t\t\t\t\t\t\t<\/div>\n\t\t\t\t\t\t\t\t\t\t\t<div class=\"swiper-slide\" role=\"group\" aria-roledescription=\"slide\">\n\t\t\t\t\t\t\t\t\t<div class=\"elementor-testimonial\">\n\t\t\t\t\t\t\t<div class=\"elementor-testimonial__content\">\n\t\t\t\t\t<div class=\"elementor-testimonial__text\">\n\t\t\t\t\t\t<p>\t\t<div data-elementor-type=\"page\" data-elementor-id=\"49858\" class=\"elementor elementor-49858\" data-elementor-post-type=\"elementor_library\">\n\t\t\t\t\t\t<section class=\"elementor-section elementor-top-section elementor-element elementor-element-22748e4 elementor-section-boxed elementor-section-height-default elementor-section-height-default\" data-id=\"22748e4\" data-element_type=\"section\" data-e-type=\"section\">\n\t\t\t\t\t\t<div class=\"elementor-container elementor-column-gap-no\">\n\t\t\t\t\t<div class=\"elementor-column elementor-col-50 elementor-top-column elementor-element elementor-element-deb9711\" data-id=\"deb9711\" data-element_type=\"column\" data-e-type=\"column\">\n\t\t\t<div class=\"elementor-widget-wrap elementor-element-populated\">\n\t\t\t\t\t\t<div class=\"elementor-element elementor-element-c3d3007 elementor-widget__width-auto elementor-widget elementor-widget-image\" data-id=\"c3d3007\" data-element_type=\"widget\" data-e-type=\"widget\" data-widget_type=\"image.default\">\n\t\t\t\t<div class=\"elementor-widget-container\">\n\t\t\t\t\t\t\t\t\t<div class=\"elementor-image\">\n\t\t\t\t\t\t\t\t\t\t\t\t\t\t\t\t\t\t\t\t\t<img loading=\"lazy\" decoding=\"async\" width=\"936\" height=\"624\" src=\"https:\/\/fundatia-adina.ro\/wp-content\/uploads\/2022\/11\/test11.jpg\" class=\"attachment-full size-full wp-image-49384\" alt=\"\" srcset=\"https:\/\/fundatia-adina.ro\/wp-content\/uploads\/2022\/11\/test11.jpg 936w, https:\/\/fundatia-adina.ro\/wp-content\/uploads\/2022\/11\/test11-630x420.jpg 630w, https:\/\/fundatia-adina.ro\/wp-content\/uploads\/2022\/11\/test11-300x200.jpg 300w, https:\/\/fundatia-adina.ro\/wp-content\/uploads\/2022\/11\/test11-768x512.jpg 768w\" sizes=\"(max-width: 936px) 100vw, 936px\" \/>\t\t\t\t\t\t\t\t\t\t\t\t\t\t\t\t\t\t\t\t\t\t\t\t<\/div>\n\t\t\t\t\t\t\t\t<\/div>\n\t\t\t\t<\/div>\n\t\t\t\t\t<\/div>\n\t\t<\/div>\n\t\t\t\t<div class=\"elementor-column elementor-col-50 elementor-top-column elementor-element elementor-element-9c8ae10\" data-id=\"9c8ae10\" data-element_type=\"column\" data-e-type=\"column\">\n\t\t\t<div class=\"elementor-widget-wrap elementor-element-populated\">\n\t\t\t\t\t\t<div class=\"elementor-element elementor-element-3d48b0c elementor-headline--style-highlight elementor-widget elementor-widget-vamtam-animated-headline\" data-id=\"3d48b0c\" data-element_type=\"widget\" data-e-type=\"widget\" data-settings=\"{&quot;highlighted_text&quot;:&quot;Domnica, mother (36 years old)&quot;,&quot;marker&quot;:&quot;underline&quot;,&quot;headline_style&quot;:&quot;highlight&quot;,&quot;loop&quot;:&quot;yes&quot;,&quot;highlight_animation_duration&quot;:1200,&quot;highlight_iteration_delay&quot;:8000}\" data-widget_type=\"vamtam-animated-headline.default\">\n\t\t\t\t<div class=\"elementor-widget-container\">\n\t\t\t\t\t\t\t\t\t<h3 class=\"elementor-headline\">\n\t\t\t\t\t\t\t\t\t\t\t\t\t\t\t\t\t\t<span class=\"elementor-headline-plain-text elementor-headline-text-wrapper\">I never thought that play could be so important. These are the best hours of the week. <\/span>\n\t\t\t\t\t\t\t\t\t\t\t\t<span class=\"elementor-headline-dynamic-wrapper elementor-headline-text-wrapper\">\n\t\t\t\t\t\t\t\t\t\t\t\t\t<span class=\"elementor-headline-dynamic-text elementor-headline-text-active\">Domnica, mother (36 years old)<\/span>\n\t\t\t\t\t\t\t\t\t\t\t\t<\/span>\n\t\t\t\t\t\t\t\t\t\t\t\t\t<span class=\"elementor-headline-plain-text elementor-headline-text-wrapper\">- beneficiary of the Open Kindergarten Program<\/span>\n\t\t\t\t\t\t\t\t\t\t\t\t\t\t\t\t<\/h3>\n\t\t\t\t\t\t\t\t<\/div>\n\t\t\t\t<\/div>\n\t\t\t\t\t<\/div>\n\t\t<\/div>\n\t\t\t\t\t<\/div>\n\t\t<\/section>\n\t\t\t\t<\/div>\n\t\t<\/p>\n\t\t\t\t\t<\/div>\n\t\t\t\t\t\t\t\t\t<\/div>\n\t\t\t\t\t\t<div class=\"elementor-testimonial__footer\">\n\t\t\t\t\t\t\t\t\t\t\t<\/div>\n\t\t<\/div>\n\t\t\t\t\t\t\t\t<\/div>\n\t\t\t\t\t\t\t\t\t<\/div>\n\t\t\t\t\t\t\t\t\t\t\t\t\t\t\t\t\t\t\t\t\t<\/div>\n\t\t\t\t<\/div>\n\t\t\t\t\t\t\t\t<\/div>\n\t\t\t\t<\/div>\n\t\t\t\t\t<\/div>\n\t\t<\/div>\n\t\t\t\t\t<\/div>\n\t\t<\/section>\n\t\t\t\t<section class=\"elementor-section elementor-top-section elementor-element elementor-element-ea37cdd elementor-section-boxed elementor-section-height-default elementor-section-height-default\" data-id=\"ea37cdd\" data-element_type=\"section\" data-e-type=\"section\">\n\t\t\t\t\t\t<div class=\"elementor-container elementor-column-gap-default\">\n\t\t\t\t\t<div class=\"elementor-column elementor-col-100 elementor-top-column elementor-element elementor-element-3b51c35\" data-id=\"3b51c35\" data-element_type=\"column\" data-e-type=\"column\">\n\t\t\t<div class=\"elementor-widget-wrap elementor-element-populated\">\n\t\t\t\t\t\t<div class=\"elementor-element elementor-element-4e71533 elementor-headline--style-highlight elementor-widget elementor-widget-vamtam-animated-headline\" data-id=\"4e71533\" data-element_type=\"widget\" data-e-type=\"widget\" data-settings=\"{&quot;marker&quot;:&quot;underline&quot;,&quot;highlighted_text&quot;:&quot;Partners&quot;,&quot;headline_style&quot;:&quot;highlight&quot;,&quot;loop&quot;:&quot;yes&quot;,&quot;highlight_animation_duration&quot;:1200,&quot;highlight_iteration_delay&quot;:8000}\" data-widget_type=\"vamtam-animated-headline.default\">\n\t\t\t\t<div class=\"elementor-widget-container\">\n\t\t\t\t\t\t\t\t\t<h2 class=\"elementor-headline\">\n\t\t\t\t\t\t\t\t\t\t\t\t\t\t\t\t\t<span class=\"elementor-headline-dynamic-wrapper elementor-headline-text-wrapper\">\n\t\t\t\t\t\t\t\t\t\t\t\t\t<span class=\"elementor-headline-dynamic-text elementor-headline-text-active\">Partners<\/span>\n\t\t\t\t\t\t\t\t\t\t\t\t<\/span>\n\t\t\t\t\t\t\t\t\t\t\t\t\t\t\t<\/h2>\n\t\t\t\t\t\t\t\t<\/div>\n\t\t\t\t<\/div>\n\t\t\t\t<div class=\"elementor-element elementor-element-ea0bb13 elementor-widget elementor-widget-image-carousel\" data-id=\"ea0bb13\" data-element_type=\"widget\" data-e-type=\"widget\" data-settings=\"{&quot;navigation&quot;:&quot;none&quot;,&quot;pause_on_hover&quot;:&quot;no&quot;,&quot;pause_on_interaction&quot;:&quot;no&quot;,&quot;speed&quot;:2000,&quot;slides_to_show_mobile&quot;:&quot;2&quot;,&quot;slides_to_scroll_mobile&quot;:&quot;2&quot;,&quot;autoplay&quot;:&quot;yes&quot;,&quot;infinite&quot;:&quot;yes&quot;}\" data-widget_type=\"image-carousel.default\">\n\t\t\t\t<div class=\"elementor-widget-container\">\n\t\t\t\t\t\t\t<div class=\"elementor-image-carousel-wrapper swiper\" role=\"region\" aria-roledescription=\"carousel\" aria-label=\"Image Carousel\" dir=\"ltr\">\n\t\t\t<div class=\"elementor-image-carousel swiper-wrapper\" aria-live=\"off\">\n\t\t\t\t\t\t\t\t<div class=\"swiper-slide\" role=\"group\" aria-roledescription=\"slide\" aria-label=\"1 of 9\"><figure class=\"swiper-slide-inner\"><img decoding=\"async\" loading=\"lazy\" class=\"swiper-slide-image\" src=\"https:\/\/fundatia-adina.ro\/wp-content\/uploads\/2022\/11\/fabryo-150x150.jpg\" alt=\"fabryo\" \/><\/figure><\/div><div class=\"swiper-slide\" role=\"group\" aria-roledescription=\"slide\" aria-label=\"2 of 9\"><figure class=\"swiper-slide-inner\"><img decoding=\"async\" loading=\"lazy\" class=\"swiper-slide-image\" src=\"https:\/\/fundatia-adina.ro\/wp-content\/uploads\/2022\/11\/elpreco-150x150.jpg\" alt=\"elpreco\" \/><\/figure><\/div><div class=\"swiper-slide\" role=\"group\" aria-roledescription=\"slide\" aria-label=\"3 of 9\"><figure class=\"swiper-slide-inner\"><img decoding=\"async\" loading=\"lazy\" class=\"swiper-slide-image\" src=\"https:\/\/fundatia-adina.ro\/wp-content\/uploads\/2022\/11\/autonom-150x150.jpg\" alt=\"autonom\" \/><\/figure><\/div><div class=\"swiper-slide\" role=\"group\" aria-roledescription=\"slide\" aria-label=\"4 of 9\"><figure class=\"swiper-slide-inner\"><img decoding=\"async\" loading=\"lazy\" class=\"swiper-slide-image\" src=\"https:\/\/fundatia-adina.ro\/wp-content\/uploads\/2022\/11\/apiland-150x150.jpg\" alt=\"apiland\" \/><\/figure><\/div><div class=\"swiper-slide\" role=\"group\" aria-roledescription=\"slide\" aria-label=\"5 of 9\"><figure class=\"swiper-slide-inner\"><img decoding=\"async\" loading=\"lazy\" class=\"swiper-slide-image\" src=\"https:\/\/fundatia-adina.ro\/wp-content\/uploads\/2022\/11\/smartwrap-150x150.jpg\" alt=\"smartwrap\" \/><\/figure><\/div><div class=\"swiper-slide\" role=\"group\" aria-roledescription=\"slide\" aria-label=\"6 of 9\"><figure class=\"swiper-slide-inner\"><img decoding=\"async\" loading=\"lazy\" class=\"swiper-slide-image\" src=\"https:\/\/fundatia-adina.ro\/wp-content\/uploads\/2022\/11\/ford-150x150.jpg\" alt=\"ford\" \/><\/figure><\/div><div class=\"swiper-slide\" role=\"group\" aria-roledescription=\"slide\" aria-label=\"7 of 9\"><figure class=\"swiper-slide-inner\"><img decoding=\"async\" loading=\"lazy\" class=\"swiper-slide-image\" src=\"https:\/\/fundatia-adina.ro\/wp-content\/uploads\/2022\/11\/melinda-150x150.jpg\" alt=\"melinda\" \/><\/figure><\/div><div class=\"swiper-slide\" role=\"group\" aria-roledescription=\"slide\" aria-label=\"8 of 9\"><figure class=\"swiper-slide-inner\"><img decoding=\"async\" loading=\"lazy\" class=\"swiper-slide-image\" src=\"https:\/\/fundatia-adina.ro\/wp-content\/uploads\/2022\/12\/cosmetic-plant-copy-150x150.jpg\" alt=\"cosmetic-plant copy\" \/><\/figure><\/div><div class=\"swiper-slide\" role=\"group\" aria-roledescription=\"slide\" aria-label=\"9 of 9\"><figure class=\"swiper-slide-inner\"><img decoding=\"async\" loading=\"lazy\" class=\"swiper-slide-image\" src=\"https:\/\/fundatia-adina.ro\/wp-content\/uploads\/2022\/12\/logo-image_1636529783-copy-150x150.jpg\" alt=\"logo-image_1636529783 copy\" \/><\/figure><\/div>\t\t\t<\/div>\n\t\t\t\t\t\t\t\n\t\t\t\t\t\t\t\t\t<\/div>\n\t\t\t\t\t\t<\/div>\n\t\t\t\t<\/div>\n\t\t\t\t\t<\/div>\n\t\t<\/div>\n\t\t\t\t\t<\/div>\n\t\t<\/section>\n\t\t\t\t<\/div>\n\t\t","protected":false},"excerpt":{"rendered":"<p>During the period between 16th\u201331st of August 2021, we participated as partners in the projects &#8220;Youth\u2019s Perspective on Employment&#8221; and &#8221; On the way to school&#8221;, projects financed through the Erasmus+ Program, Key Action: Mobility projects for young people, the theme being employability among young people, respectively education.We thank &#8220;Ankara E\u011fitim G\u00f6n\u00fcll\u00fcleri Derne\u011fi \u2013 Ankara&#8230;<\/p>\n","protected":false},"author":3,"featured_media":49723,"comment_status":"closed","ping_status":"closed","sticky":false,"template":"","format":"standard","meta":{"footnotes":""},"categories":[65],"tags":[],"class_list":["post-49869","post","type-post","status-publish","format-standard","has-post-thumbnail","hentry","category-proiecte-in-desfasurare-en"],"yoast_head":"<!-- This site is optimized with the Yoast SEO plugin v27.5 - https:\/\/yoast.com\/product\/yoast-seo-wordpress\/ -->\n<title>Our young volunteers and an extraordinary experience - Funda\u021bia Adina Stiftelsen<\/title>\n<meta name=\"robots\" content=\"index, follow, max-snippet:-1, max-image-preview:large, max-video-preview:-1\" \/>\n<link rel=\"canonical\" href=\"https:\/\/fundatia-adina.ro\/en\/our-young-volunteers-and-an-extraordinary-experience-2\/\" \/>\n<meta property=\"og:locale\" content=\"en_US\" \/>\n<meta property=\"og:type\" content=\"article\" \/>\n<meta property=\"og:title\" content=\"Our young volunteers and an extraordinary experience - Funda\u021bia Adina Stiftelsen\" \/>\n<meta property=\"og:description\" content=\"During the period between 16th\u201331st of August 2021, we participated as partners in the projects &#8220;Youth\u2019s Perspective on Employment&#8221; and &#8221; On the way to school&#8221;, projects financed through the Erasmus+ Program, Key Action: Mobility projects for young people, the theme being employability among young people, respectively education.We thank &#8220;Ankara E\u011fitim G\u00f6n\u00fcll\u00fcleri Derne\u011fi \u2013 Ankara...\" \/>\n<meta property=\"og:url\" content=\"https:\/\/fundatia-adina.ro\/en\/our-young-volunteers-and-an-extraordinary-experience-2\/\" \/>\n<meta property=\"og:site_name\" content=\"Funda\u021bia Adina Stiftelsen\" \/>\n<meta property=\"article:published_time\" content=\"2022-12-21T09:59:46+00:00\" \/>\n<meta property=\"article:modified_time\" content=\"2023-11-22T07:55:42+00:00\" \/>\n<meta property=\"og:image\" content=\"https:\/\/fundatia-adina.ro\/wp-content\/uploads\/2022\/12\/500x300_-_Imagini_Articol.jpg\" \/>\n\t<meta property=\"og:image:width\" content=\"500\" \/>\n\t<meta property=\"og:image:height\" content=\"300\" \/>\n\t<meta property=\"og:image:type\" content=\"image\/jpeg\" \/>\n<meta name=\"author\" content=\"diana\" \/>\n<meta name=\"twitter:card\" content=\"summary_large_image\" \/>\n<meta name=\"twitter:label1\" content=\"Written by\" \/>\n\t<meta name=\"twitter:data1\" content=\"diana\" \/>\n\t<meta name=\"twitter:label2\" content=\"Est. reading time\" \/>\n\t<meta name=\"twitter:data2\" content=\"11 minutes\" \/>\n<script type=\"application\/ld+json\" class=\"yoast-schema-graph\">{\"@context\":\"https:\\\/\\\/schema.org\",\"@graph\":[{\"@type\":\"Article\",\"@id\":\"https:\\\/\\\/fundatia-adina.ro\\\/en\\\/our-young-volunteers-and-an-extraordinary-experience-2\\\/#article\",\"isPartOf\":{\"@id\":\"https:\\\/\\\/fundatia-adina.ro\\\/en\\\/our-young-volunteers-and-an-extraordinary-experience-2\\\/\"},\"author\":{\"name\":\"diana\",\"@id\":\"https:\\\/\\\/fundatia-adina.ro\\\/en\\\/#\\\/schema\\\/person\\\/ea2f4f68b78d60fc5d12c56f9fede694\"},\"headline\":\"Our young volunteers and an extraordinary experience\",\"datePublished\":\"2022-12-21T09:59:46+00:00\",\"dateModified\":\"2023-11-22T07:55:42+00:00\",\"mainEntityOfPage\":{\"@id\":\"https:\\\/\\\/fundatia-adina.ro\\\/en\\\/our-young-volunteers-and-an-extraordinary-experience-2\\\/\"},\"wordCount\":1411,\"publisher\":{\"@id\":\"https:\\\/\\\/fundatia-adina.ro\\\/en\\\/#organization\"},\"image\":{\"@id\":\"https:\\\/\\\/fundatia-adina.ro\\\/en\\\/our-young-volunteers-and-an-extraordinary-experience-2\\\/#primaryimage\"},\"thumbnailUrl\":\"https:\\\/\\\/fundatia-adina.ro\\\/wp-content\\\/uploads\\\/2022\\\/12\\\/500x300_-_Imagini_Articol.jpg\",\"articleSection\":[\"Proiecte \u00een desf\u0103\u0219urare\"],\"inLanguage\":\"en-US\"},{\"@type\":\"WebPage\",\"@id\":\"https:\\\/\\\/fundatia-adina.ro\\\/en\\\/our-young-volunteers-and-an-extraordinary-experience-2\\\/\",\"url\":\"https:\\\/\\\/fundatia-adina.ro\\\/en\\\/our-young-volunteers-and-an-extraordinary-experience-2\\\/\",\"name\":\"Our young volunteers and an extraordinary experience - Funda\u021bia Adina Stiftelsen\",\"isPartOf\":{\"@id\":\"https:\\\/\\\/fundatia-adina.ro\\\/en\\\/#website\"},\"primaryImageOfPage\":{\"@id\":\"https:\\\/\\\/fundatia-adina.ro\\\/en\\\/our-young-volunteers-and-an-extraordinary-experience-2\\\/#primaryimage\"},\"image\":{\"@id\":\"https:\\\/\\\/fundatia-adina.ro\\\/en\\\/our-young-volunteers-and-an-extraordinary-experience-2\\\/#primaryimage\"},\"thumbnailUrl\":\"https:\\\/\\\/fundatia-adina.ro\\\/wp-content\\\/uploads\\\/2022\\\/12\\\/500x300_-_Imagini_Articol.jpg\",\"datePublished\":\"2022-12-21T09:59:46+00:00\",\"dateModified\":\"2023-11-22T07:55:42+00:00\",\"breadcrumb\":{\"@id\":\"https:\\\/\\\/fundatia-adina.ro\\\/en\\\/our-young-volunteers-and-an-extraordinary-experience-2\\\/#breadcrumb\"},\"inLanguage\":\"en-US\",\"potentialAction\":[{\"@type\":\"ReadAction\",\"target\":[\"https:\\\/\\\/fundatia-adina.ro\\\/en\\\/our-young-volunteers-and-an-extraordinary-experience-2\\\/\"]}]},{\"@type\":\"ImageObject\",\"inLanguage\":\"en-US\",\"@id\":\"https:\\\/\\\/fundatia-adina.ro\\\/en\\\/our-young-volunteers-and-an-extraordinary-experience-2\\\/#primaryimage\",\"url\":\"https:\\\/\\\/fundatia-adina.ro\\\/wp-content\\\/uploads\\\/2022\\\/12\\\/500x300_-_Imagini_Articol.jpg\",\"contentUrl\":\"https:\\\/\\\/fundatia-adina.ro\\\/wp-content\\\/uploads\\\/2022\\\/12\\\/500x300_-_Imagini_Articol.jpg\",\"width\":500,\"height\":300},{\"@type\":\"BreadcrumbList\",\"@id\":\"https:\\\/\\\/fundatia-adina.ro\\\/en\\\/our-young-volunteers-and-an-extraordinary-experience-2\\\/#breadcrumb\",\"itemListElement\":[{\"@type\":\"ListItem\",\"position\":1,\"name\":\"Home\",\"item\":\"https:\\\/\\\/fundatia-adina.ro\\\/en\\\/\"},{\"@type\":\"ListItem\",\"position\":2,\"name\":\"Our young volunteers and an extraordinary experience\"}]},{\"@type\":\"WebSite\",\"@id\":\"https:\\\/\\\/fundatia-adina.ro\\\/en\\\/#website\",\"url\":\"https:\\\/\\\/fundatia-adina.ro\\\/en\\\/\",\"name\":\"Funda\u021bia Adina Stiftelsen\",\"description\":\"Am carte, am parte\",\"publisher\":{\"@id\":\"https:\\\/\\\/fundatia-adina.ro\\\/en\\\/#organization\"},\"potentialAction\":[{\"@type\":\"SearchAction\",\"target\":{\"@type\":\"EntryPoint\",\"urlTemplate\":\"https:\\\/\\\/fundatia-adina.ro\\\/en\\\/?s={search_term_string}\"},\"query-input\":{\"@type\":\"PropertyValueSpecification\",\"valueRequired\":true,\"valueName\":\"search_term_string\"}}],\"inLanguage\":\"en-US\"},{\"@type\":\"Organization\",\"@id\":\"https:\\\/\\\/fundatia-adina.ro\\\/en\\\/#organization\",\"name\":\"Funda\u021bia Adina Stiftelsen\",\"url\":\"https:\\\/\\\/fundatia-adina.ro\\\/en\\\/\",\"logo\":{\"@type\":\"ImageObject\",\"inLanguage\":\"en-US\",\"@id\":\"https:\\\/\\\/fundatia-adina.ro\\\/en\\\/#\\\/schema\\\/logo\\\/image\\\/\",\"url\":\"https:\\\/\\\/fundatia-adina.ro\\\/wp-content\\\/uploads\\\/2020\\\/04\\\/Logo-Adina-Romania-2026-final-JPEG-02.jpg\",\"contentUrl\":\"https:\\\/\\\/fundatia-adina.ro\\\/wp-content\\\/uploads\\\/2020\\\/04\\\/Logo-Adina-Romania-2026-final-JPEG-02.jpg\",\"width\":2500,\"height\":2500,\"caption\":\"Funda\u021bia Adina Stiftelsen\"},\"image\":{\"@id\":\"https:\\\/\\\/fundatia-adina.ro\\\/en\\\/#\\\/schema\\\/logo\\\/image\\\/\"}},{\"@type\":\"Person\",\"@id\":\"https:\\\/\\\/fundatia-adina.ro\\\/en\\\/#\\\/schema\\\/person\\\/ea2f4f68b78d60fc5d12c56f9fede694\",\"name\":\"diana\",\"url\":\"https:\\\/\\\/fundatia-adina.ro\\\/en\\\/author\\\/diana\\\/\"}]}<\/script>\n<!-- \/ Yoast SEO plugin. -->","yoast_head_json":{"title":"Our young volunteers and an extraordinary experience - Funda\u021bia Adina Stiftelsen","robots":{"index":"index","follow":"follow","max-snippet":"max-snippet:-1","max-image-preview":"max-image-preview:large","max-video-preview":"max-video-preview:-1"},"canonical":"https:\/\/fundatia-adina.ro\/en\/our-young-volunteers-and-an-extraordinary-experience-2\/","og_locale":"en_US","og_type":"article","og_title":"Our young volunteers and an extraordinary experience - Funda\u021bia Adina Stiftelsen","og_description":"During the period between 16th\u201331st of August 2021, we participated as partners in the projects &#8220;Youth\u2019s Perspective on Employment&#8221; and &#8221; On the way to school&#8221;, projects financed through the Erasmus+ Program, Key Action: Mobility projects for young people, the theme being employability among young people, respectively education.We thank &#8220;Ankara E\u011fitim G\u00f6n\u00fcll\u00fcleri Derne\u011fi \u2013 Ankara...","og_url":"https:\/\/fundatia-adina.ro\/en\/our-young-volunteers-and-an-extraordinary-experience-2\/","og_site_name":"Funda\u021bia Adina Stiftelsen","article_published_time":"2022-12-21T09:59:46+00:00","article_modified_time":"2023-11-22T07:55:42+00:00","og_image":[{"width":500,"height":300,"url":"https:\/\/fundatia-adina.ro\/wp-content\/uploads\/2022\/12\/500x300_-_Imagini_Articol.jpg","type":"image\/jpeg"}],"author":"diana","twitter_card":"summary_large_image","twitter_misc":{"Written by":"diana","Est. reading time":"11 minutes"},"schema":{"@context":"https:\/\/schema.org","@graph":[{"@type":"Article","@id":"https:\/\/fundatia-adina.ro\/en\/our-young-volunteers-and-an-extraordinary-experience-2\/#article","isPartOf":{"@id":"https:\/\/fundatia-adina.ro\/en\/our-young-volunteers-and-an-extraordinary-experience-2\/"},"author":{"name":"diana","@id":"https:\/\/fundatia-adina.ro\/en\/#\/schema\/person\/ea2f4f68b78d60fc5d12c56f9fede694"},"headline":"Our young volunteers and an extraordinary experience","datePublished":"2022-12-21T09:59:46+00:00","dateModified":"2023-11-22T07:55:42+00:00","mainEntityOfPage":{"@id":"https:\/\/fundatia-adina.ro\/en\/our-young-volunteers-and-an-extraordinary-experience-2\/"},"wordCount":1411,"publisher":{"@id":"https:\/\/fundatia-adina.ro\/en\/#organization"},"image":{"@id":"https:\/\/fundatia-adina.ro\/en\/our-young-volunteers-and-an-extraordinary-experience-2\/#primaryimage"},"thumbnailUrl":"https:\/\/fundatia-adina.ro\/wp-content\/uploads\/2022\/12\/500x300_-_Imagini_Articol.jpg","articleSection":["Proiecte \u00een desf\u0103\u0219urare"],"inLanguage":"en-US"},{"@type":"WebPage","@id":"https:\/\/fundatia-adina.ro\/en\/our-young-volunteers-and-an-extraordinary-experience-2\/","url":"https:\/\/fundatia-adina.ro\/en\/our-young-volunteers-and-an-extraordinary-experience-2\/","name":"Our young volunteers and an extraordinary experience - Funda\u021bia Adina Stiftelsen","isPartOf":{"@id":"https:\/\/fundatia-adina.ro\/en\/#website"},"primaryImageOfPage":{"@id":"https:\/\/fundatia-adina.ro\/en\/our-young-volunteers-and-an-extraordinary-experience-2\/#primaryimage"},"image":{"@id":"https:\/\/fundatia-adina.ro\/en\/our-young-volunteers-and-an-extraordinary-experience-2\/#primaryimage"},"thumbnailUrl":"https:\/\/fundatia-adina.ro\/wp-content\/uploads\/2022\/12\/500x300_-_Imagini_Articol.jpg","datePublished":"2022-12-21T09:59:46+00:00","dateModified":"2023-11-22T07:55:42+00:00","breadcrumb":{"@id":"https:\/\/fundatia-adina.ro\/en\/our-young-volunteers-and-an-extraordinary-experience-2\/#breadcrumb"},"inLanguage":"en-US","potentialAction":[{"@type":"ReadAction","target":["https:\/\/fundatia-adina.ro\/en\/our-young-volunteers-and-an-extraordinary-experience-2\/"]}]},{"@type":"ImageObject","inLanguage":"en-US","@id":"https:\/\/fundatia-adina.ro\/en\/our-young-volunteers-and-an-extraordinary-experience-2\/#primaryimage","url":"https:\/\/fundatia-adina.ro\/wp-content\/uploads\/2022\/12\/500x300_-_Imagini_Articol.jpg","contentUrl":"https:\/\/fundatia-adina.ro\/wp-content\/uploads\/2022\/12\/500x300_-_Imagini_Articol.jpg","width":500,"height":300},{"@type":"BreadcrumbList","@id":"https:\/\/fundatia-adina.ro\/en\/our-young-volunteers-and-an-extraordinary-experience-2\/#breadcrumb","itemListElement":[{"@type":"ListItem","position":1,"name":"Home","item":"https:\/\/fundatia-adina.ro\/en\/"},{"@type":"ListItem","position":2,"name":"Our young volunteers and an extraordinary experience"}]},{"@type":"WebSite","@id":"https:\/\/fundatia-adina.ro\/en\/#website","url":"https:\/\/fundatia-adina.ro\/en\/","name":"Funda\u021bia Adina Stiftelsen","description":"Am carte, am parte","publisher":{"@id":"https:\/\/fundatia-adina.ro\/en\/#organization"},"potentialAction":[{"@type":"SearchAction","target":{"@type":"EntryPoint","urlTemplate":"https:\/\/fundatia-adina.ro\/en\/?s={search_term_string}"},"query-input":{"@type":"PropertyValueSpecification","valueRequired":true,"valueName":"search_term_string"}}],"inLanguage":"en-US"},{"@type":"Organization","@id":"https:\/\/fundatia-adina.ro\/en\/#organization","name":"Funda\u021bia Adina Stiftelsen","url":"https:\/\/fundatia-adina.ro\/en\/","logo":{"@type":"ImageObject","inLanguage":"en-US","@id":"https:\/\/fundatia-adina.ro\/en\/#\/schema\/logo\/image\/","url":"https:\/\/fundatia-adina.ro\/wp-content\/uploads\/2020\/04\/Logo-Adina-Romania-2026-final-JPEG-02.jpg","contentUrl":"https:\/\/fundatia-adina.ro\/wp-content\/uploads\/2020\/04\/Logo-Adina-Romania-2026-final-JPEG-02.jpg","width":2500,"height":2500,"caption":"Funda\u021bia Adina Stiftelsen"},"image":{"@id":"https:\/\/fundatia-adina.ro\/en\/#\/schema\/logo\/image\/"}},{"@type":"Person","@id":"https:\/\/fundatia-adina.ro\/en\/#\/schema\/person\/ea2f4f68b78d60fc5d12c56f9fede694","name":"diana","url":"https:\/\/fundatia-adina.ro\/en\/author\/diana\/"}]}},"_links":{"self":[{"href":"https:\/\/fundatia-adina.ro\/en\/wp-json\/wp\/v2\/posts\/49869","targetHints":{"allow":["GET"]}}],"collection":[{"href":"https:\/\/fundatia-adina.ro\/en\/wp-json\/wp\/v2\/posts"}],"about":[{"href":"https:\/\/fundatia-adina.ro\/en\/wp-json\/wp\/v2\/types\/post"}],"author":[{"embeddable":true,"href":"https:\/\/fundatia-adina.ro\/en\/wp-json\/wp\/v2\/users\/3"}],"replies":[{"embeddable":true,"href":"https:\/\/fundatia-adina.ro\/en\/wp-json\/wp\/v2\/comments?post=49869"}],"version-history":[{"count":7,"href":"https:\/\/fundatia-adina.ro\/en\/wp-json\/wp\/v2\/posts\/49869\/revisions"}],"predecessor-version":[{"id":49889,"href":"https:\/\/fundatia-adina.ro\/en\/wp-json\/wp\/v2\/posts\/49869\/revisions\/49889"}],"wp:featuredmedia":[{"embeddable":true,"href":"https:\/\/fundatia-adina.ro\/en\/wp-json\/wp\/v2\/media\/49723"}],"wp:attachment":[{"href":"https:\/\/fundatia-adina.ro\/en\/wp-json\/wp\/v2\/media?parent=49869"}],"wp:term":[{"taxonomy":"category","embeddable":true,"href":"https:\/\/fundatia-adina.ro\/en\/wp-json\/wp\/v2\/categories?post=49869"},{"taxonomy":"post_tag","embeddable":true,"href":"https:\/\/fundatia-adina.ro\/en\/wp-json\/wp\/v2\/tags?post=49869"}],"curies":[{"name":"wp","href":"https:\/\/api.w.org\/{rel}","templated":true}]}}